{"id":22,"date":"2013-10-31T20:13:35","date_gmt":"2013-10-31T19:13:35","guid":{"rendered":"http:\/\/www.capoeira-auvergne.com\/?p=22"},"modified":"2024-08-17T12:16:43","modified_gmt":"2024-08-17T11:16:43","slug":"capoeira-a-clermont-ferrand","status":"publish","type":"post","link":"http:\/\/www.capoeira-auvergne.com\/pt\/capoeira-a-clermont-ferrand\/","title":{"rendered":"\u00c9POCA 2024\/2025"},"content":{"rendered":"<hr \/>\n<h5><span style=\"color: #ffff00;\">BENVINDOS AO UNIVERSO DA CAPOEIRA ANTIGA&#8230;<\/span><\/h5>\n<div style=\"text-align: center;\"><span class=\"text\" style=\"color: #ffffff;\">A CAPOEIRA ANTIGA RETOMA AS SUAS AULAS A 6 DE SETEMBRO DE 2024<\/span><\/div>\n<div style=\"text-align: center;\"><a href=\"http:\/\/www.capoeira-auvergne.com\/pt\/wp-content\/uploads\/sites\/5\/2013\/10\/depositphotos_61458593-stock-photo-capoeira-fighters.jpg\"><img loading=\"lazy\" class=\"size-medium wp-image-2668 aligncenter\" src=\"http:\/\/www.capoeira-auvergne.com\/pt\/wp-content\/uploads\/sites\/5\/2013\/10\/depositphotos_61458593-stock-photo-capoeira-fighters-300x241.jpg\" alt=\"\" width=\"300\" height=\"241\" srcset=\"http:\/\/www.capoeira-auvergne.com\/pt\/wp-content\/uploads\/sites\/5\/2013\/10\/depositphotos_61458593-stock-photo-capoeira-fighters-300x241.jpg 300w, http:\/\/www.capoeira-auvergne.com\/pt\/wp-content\/uploads\/sites\/5\/2013\/10\/depositphotos_61458593-stock-photo-capoeira-fighters-768x617.jpg 768w, http:\/\/www.capoeira-auvergne.com\/pt\/wp-content\/uploads\/sites\/5\/2013\/10\/depositphotos_61458593-stock-photo-capoeira-fighters.jpg 1024w\" sizes=\"(max-width: 300px) 100vw, 300px\" \/><\/a><\/div>\n<h5 style=\"text-align: center;\"><span style=\"color: #000000;\"><strong>VENHA DESCOBRIR EST\u00c1 ACTIVIDADE CULTURAL E DESPORTIVA ARTE MARCIAL AFRO-BRASILEIRA, RICA EM UMA CULTURA ANCESTRAL QUE COMBINA LIBERDADE DE MOVIMENTO, M\u00daSICA E CANTO, BEM MAIS QUE UM DESPORTO TRADICIONAL, ELA ENSINA A ARTE DO DOM\u00cdNIO DO CORPO, O AUTOCONTROLE, A HUMILDADE, E IMPULSIONA A CRIATIVIDADE, A EFICI\u00caNCIA E A SIMPLICIDADE. AL\u00c9M DISSO, PODE SER PRATICADO EM TODAS AS IDADES E SEM NECESSIDADE DE FLEXIBILIDADE ESPECIAL, APENAS PACI\u00caNCIA E SOBRETUDO VONTADE DE SE DIVERTIR COM O JOGO DA CAPOEIRA ANTIGA QUALQUER QUE SEJAM AS CAPACIDADES\u00a0<\/strong><\/span><span style=\"color: #000000;\"><span style=\"font-size: 13.28px;\">F\u00cdSICAS<\/span><\/span><\/h5>\n<h5 style=\"text-align: left;\"><span style=\"color: #ffffff;\"><strong>INSCRI\u00c7\u00d5ES ABERTAS TODO O ANO, <\/strong><strong>O PRIMEIRO CURSO \u00c9 <\/strong><span style=\"font-size: 13.28px;\">GRATUITO&#8230;<\/span><\/span><\/h5>\n<h3 style=\"text-align: center;\"><span style=\"color: #000000;\"><strong>A HORA DOS CURSOS E PRE\u00c7OS DE CURSOS PARA TODO O ANO, REDU\u00c7\u00d5ES DE INSCRI\u00c7\u00d5ES FAMILIARES, FACILIDADES DE PAGAMENTO<\/strong><\/span><\/h3>\n<h5 style=\"text-align: center;\"><strong><span style=\"color: #000000;\">CURSO NA QUARTA-FEIRA EXCLUSIVAMENTE AS CRIAN\u00c7AS A PARTIR DE<\/span> <span style=\"color: #000000;\">6 ANOS AOS 12 ANOS\u00a0<\/span><\/strong><\/h5>\n<h5 style=\"text-align: center;\"><span class=\"text\" style=\"color: #000000;\">OS PAIS PODEM PARTICIPAR LIVRE E GRATUITAMENTE NAS AULAS DAS CRIAN\u00c7AS<\/span><\/h5>\n<h5 style=\"text-align: center;\"><span style=\"color: #000000;\">AS AULAS DE SEGUNDA-FEIRA, QUARTA-FEIRA E QUINTA-FEIRA N\u00c3O SER\u00c3O PARA TODOS. <\/span><\/h5>\n<h5 style=\"text-align: center;\"><span style=\"color: #000000;\">MAS APENAS PARA OS ALUNOS AVAN\u00c7ADOS.<\/span><\/h5>\n<h5 class=\"entry-title\" style=\"text-align: left;\"><span style=\"color: #ffffff;\"><a style=\"color: #ffffff;\" title=\"Cursos\" href=\"http:\/\/www.capoeira-auvergne.com\/pt\/les-cours\/\" target=\"_blank\" rel=\"noopener noreferrer\">CURSOS\u00a0EM CLERMONT-FERRAND<\/a><\/span><\/h5>\n<h3 style=\"text-align: center;\"><strong><span style=\"color: #000000;\">Gin\u00e1sio Jeanne d\u2019Arc (Avenue Sovi\u00e9tique) <\/span><\/strong><\/h3>\n<p style=\"text-align: center;\"><strong><span style=\"color: #000000;\"><span style=\"color: #800000;\">SEGUNDA-FEIRA<\/span> : 18h30 \u00e1s 21h30\u00a0<\/span><\/strong><\/p>\n<p style=\"text-align: center;\"><strong><span style=\"color: #800000;\">QUARTA-FEIRA<\/span> <span style=\"color: #000000;\">: 18h30 \u00e1s 19h45<\/span><\/strong><\/p>\n<p style=\"text-align: center;\"><strong><span style=\"color: #800000;\">QUINTA-FEIRA<\/span> <span style=\"color: #000000;\">: 19h30 \u00e1s 21h30<\/span><\/strong><\/p>\n<p style=\"text-align: center;\"><strong><span style=\"color: #000000;\"><span style=\"color: #800000;\">SEXTA-FEIRA<\/span> : 18h30 \u00e1s 19h45 \u00e0 22h00<\/span><\/strong><\/p>\n<hr \/>\n<h3 style=\"text-align: center;\" data-offset-key=\"btlie-0-0\" data-editor=\"4h7ri\" data-block=\"true\"><span style=\"color: #ffffff;\">GRANDE NOVIDADE \u2026<\/span><br \/>\nEm online o \u00e1lbum Gera\u00e7\u00e3o Africana Vol. V Kudissanga.<\/h3>\n<p><a href=\"https:\/\/soundcloud.com\/capoeiraantiga\" target=\"_blank\" rel=\"noopener noreferrer\"><img loading=\"lazy\" class=\"aligncenter wp-image-2623\" src=\"http:\/\/www.capoeira-auvergne.com\/pt\/wp-content\/uploads\/sites\/5\/2013\/10\/Capa-1-cd-Gerac\u00e7\u00e3o-Africana-Vol.V-300x300.jpg\" alt=\"\" width=\"313\" height=\"313\" srcset=\"http:\/\/www.capoeira-auvergne.com\/pt\/wp-content\/uploads\/sites\/5\/2013\/10\/Capa-1-cd-Gerac\u00e7\u00e3o-Africana-Vol.V-300x300.jpg 300w, http:\/\/www.capoeira-auvergne.com\/pt\/wp-content\/uploads\/sites\/5\/2013\/10\/Capa-1-cd-Gerac\u00e7\u00e3o-Africana-Vol.V-150x150.jpg 150w, http:\/\/www.capoeira-auvergne.com\/pt\/wp-content\/uploads\/sites\/5\/2013\/10\/Capa-1-cd-Gerac\u00e7\u00e3o-Africana-Vol.V-768x768.jpg 768w, http:\/\/www.capoeira-auvergne.com\/pt\/wp-content\/uploads\/sites\/5\/2013\/10\/Capa-1-cd-Gerac\u00e7\u00e3o-Africana-Vol.V.jpg 960w\" sizes=\"(max-width: 313px) 100vw, 313px\" \/><\/a><\/p>\n<h3 style=\"text-align: center;\"><span style=\"color: #ffff00;\"><a style=\"color: #ffff00;\" href=\"https:\/\/soundcloud.com\/capoeiraantiga\" target=\"_blank\" rel=\"noopener noreferrer\">https:\/\/soundcloud.com\/capoeiraantiga<\/a><\/span><\/h3>\n<hr \/>\n<h5 style=\"text-align: center;\"><\/h5>\n","protected":false},"excerpt":{"rendered":"<p>BENVINDOS AO UNIVERSO DA CAPOEIRA ANTIGA&#8230; A CAPOEIRA ANTIGA RETOMA AS SUAS AULAS A 6 DE SETEMBRO DE 2024 VENHA DESCOBRIR EST\u00c1 ACTIVIDADE CULTURAL E DESPORTIVA ARTE MARCIAL AFRO-BRASILEIRA, RICA EM UMA CULTURA ANCESTRAL QUE COMBINA LIBERDADE DE MOVIMENTO, M\u00daSICA&hellip;<\/p>\n<p class=\"more-link-p\"><a class=\"more-link\" href=\"http:\/\/www.capoeira-auvergne.com\/pt\/capoeira-a-clermont-ferrand\/\">Lire plus &rarr;<\/a><\/p>\n","protected":false},"author":4,"featured_media":0,"comment_status":"closed","ping_status":"closed","sticky":false,"template":"","format":"standard","meta":[],"categories":[4],"tags":[],"jetpack_featured_media_url":"","_links":{"self":[{"href":"http:\/\/www.capoeira-auvergne.com\/pt\/wp-json\/wp\/v2\/posts\/22"}],"collection":[{"href":"http:\/\/www.capoeira-auvergne.com\/pt\/wp-json\/wp\/v2\/posts"}],"about":[{"href":"http:\/\/www.capoeira-auvergne.com\/pt\/wp-json\/wp\/v2\/types\/post"}],"author":[{"embeddable":true,"href":"http:\/\/www.capoeira-auvergne.com\/pt\/wp-json\/wp\/v2\/users\/4"}],"replies":[{"embeddable":true,"href":"http:\/\/www.capoeira-auvergne.com\/pt\/wp-json\/wp\/v2\/comments?post=22"}],"version-history":[{"count":294,"href":"http:\/\/www.capoeira-auvergne.com\/pt\/wp-json\/wp\/v2\/posts\/22\/revisions"}],"predecessor-version":[{"id":2670,"href":"http:\/\/www.capoeira-auvergne.com\/pt\/wp-json\/wp\/v2\/posts\/22\/revisions\/2670"}],"wp:attachment":[{"href":"http:\/\/www.capoeira-auvergne.com\/pt\/wp-json\/wp\/v2\/media?parent=22"}],"wp:term":[{"taxonomy":"category","embeddable":true,"href":"http:\/\/www.capoeira-auvergne.com\/pt\/wp-json\/wp\/v2\/categories?post=22"},{"taxonomy":"post_tag","embeddable":true,"href":"http:\/\/www.capoeira-auvergne.com\/pt\/wp-json\/wp\/v2\/tags?post=22"}],"curies":[{"name":"wp","href":"https:\/\/api.w.org\/{rel}","templated":true}]}}