{"id":814,"date":"1999-11-20T19:30:36","date_gmt":"1999-11-20T18:30:36","guid":{"rendered":"http:\/\/www.capoeira-auvergne.com\/?p=814"},"modified":"2013-12-28T06:45:23","modified_gmt":"2013-12-28T05:45:23","slug":"814","status":"publish","type":"post","link":"http:\/\/www.capoeira-auvergne.com\/es\/814\/","title":{"rendered":"Ma\u00eetre Liminha Boca Nua"},"content":{"rendered":"<h2 id=\"watch-headline-title\" style=\"text-align: center;\">Capoeira Antiga Ma\u00eetre Liminha Boca Nua 1999 Italia<\/h2>\n<p style=\"text-align: center;\">[youtube]http:\/\/www.youtube.com\/watch?v=eWKinxFMk3k[\/youtube]<\/p>\n<h5 style=\"text-align: center;\">Mestre Liminha e Mestre Boca Nua (Italia) 1999<br \/>\n<a href=\"http:\/\/www.liminhadogum.com\">http:\/\/www.liminhadogum.com<\/a><\/h5>\n<h2 style=\"text-align: center;\">Capoeira Antiga Ma\u00eetre Ataare e Ma\u00eetre Liminha \u00e0 Clermont-Ferrand France 2001\/ 1<\/h2>\n<p style=\"text-align: center;\">[youtube]http:\/\/youtu.be\/QQxwyY4ee5I[\/youtube]<\/p>\n<p style=\"text-align: center;\">\n","protected":false},"excerpt":{"rendered":"<p>Capoeira Antiga Ma\u00eetre Liminha Boca Nua 1999 Italia [youtube]http:\/\/www.youtube.com\/watch?v=eWKinxFMk3k[\/youtube] Mestre Liminha e Mestre Boca Nua (Italia) 1999 http:\/\/www.liminhadogum.com Capoeira Antiga Ma\u00eetre Ataare e Ma\u00eetre Liminha \u00e0 Clermont-Ferrand France 2001\/ 1 [youtube]http:\/\/youtu.be\/QQxwyY4ee5I[\/youtube]<\/p>\n","protected":false},"author":4,"featured_media":0,"comment_status":"closed","ping_status":"closed","sticky":false,"template":"","format":"video","meta":[],"categories":[12],"tags":[],"jetpack_featured_media_url":"","_links":{"self":[{"href":"http:\/\/www.capoeira-auvergne.com\/es\/wp-json\/wp\/v2\/posts\/814"}],"collection":[{"href":"http:\/\/www.capoeira-auvergne.com\/es\/wp-json\/wp\/v2\/posts"}],"about":[{"href":"http:\/\/www.capoeira-auvergne.com\/es\/wp-json\/wp\/v2\/types\/post"}],"author":[{"embeddable":true,"href":"http:\/\/www.capoeira-auvergne.com\/es\/wp-json\/wp\/v2\/users\/4"}],"replies":[{"embeddable":true,"href":"http:\/\/www.capoeira-auvergne.com\/es\/wp-json\/wp\/v2\/comments?post=814"}],"version-history":[{"count":4,"href":"http:\/\/www.capoeira-auvergne.com\/es\/wp-json\/wp\/v2\/posts\/814\/revisions"}],"predecessor-version":[{"id":1391,"href":"http:\/\/www.capoeira-auvergne.com\/es\/wp-json\/wp\/v2\/posts\/814\/revisions\/1391"}],"wp:attachment":[{"href":"http:\/\/www.capoeira-auvergne.com\/es\/wp-json\/wp\/v2\/media?parent=814"}],"wp:term":[{"taxonomy":"category","embeddable":true,"href":"http:\/\/www.capoeira-auvergne.com\/es\/wp-json\/wp\/v2\/categories?post=814"},{"taxonomy":"post_tag","embeddable":true,"href":"http:\/\/www.capoeira-auvergne.com\/es\/wp-json\/wp\/v2\/tags?post=814"}],"curies":[{"name":"wp","href":"https:\/\/api.w.org\/{rel}","templated":true}]}}