{"id":800,"date":"2006-11-20T13:24:16","date_gmt":"2006-11-20T12:24:16","guid":{"rendered":"http:\/\/www.capoeira-auvergne.com\/?p=800"},"modified":"2013-12-08T14:13:00","modified_gmt":"2013-12-08T13:13:00","slug":"clermont-tv1-2006","status":"publish","type":"post","link":"http:\/\/www.capoeira-auvergne.com\/es\/clermont-tv1-2006\/","title":{"rendered":"Clermont TV1 2006"},"content":{"rendered":"<h2 id=\"watch-headline-title\" style=\"text-align: center;\">Capoeira Antiga, reportage sur Clermont TV 1, 2006 \u00e0 Clermont-Fd<\/h2>\n<p style=\"text-align: center;\">[youtube]http:\/\/www.youtube.com\/watch?v=Z0u4oVO3Qpk[\/youtube]<\/p>\n<h5 style=\"text-align: center;\">Reportage sur la Capoeira Antiga au 3\u00e8me Rencontre Interculturelle Europ\u00e9enne de Capoeira \u00e0 Clermont-Ferrand. Organisation Ma\u00eetre Ataare 2006.<\/h5>\n","protected":false},"excerpt":{"rendered":"<p>Capoeira Antiga, reportage sur Clermont TV 1, 2006 \u00e0 Clermont-Fd [youtube]http:\/\/www.youtube.com\/watch?v=Z0u4oVO3Qpk[\/youtube] Reportage sur la Capoeira Antiga au 3\u00e8me Rencontre Interculturelle Europ\u00e9enne de Capoeira \u00e0 Clermont-Ferrand. Organisation Ma\u00eetre Ataare 2006.<\/p>\n","protected":false},"author":4,"featured_media":0,"comment_status":"closed","ping_status":"closed","sticky":false,"template":"","format":"video","meta":[],"categories":[12],"tags":[],"jetpack_featured_media_url":"","_links":{"self":[{"href":"http:\/\/www.capoeira-auvergne.com\/es\/wp-json\/wp\/v2\/posts\/800"}],"collection":[{"href":"http:\/\/www.capoeira-auvergne.com\/es\/wp-json\/wp\/v2\/posts"}],"about":[{"href":"http:\/\/www.capoeira-auvergne.com\/es\/wp-json\/wp\/v2\/types\/post"}],"author":[{"embeddable":true,"href":"http:\/\/www.capoeira-auvergne.com\/es\/wp-json\/wp\/v2\/users\/4"}],"replies":[{"embeddable":true,"href":"http:\/\/www.capoeira-auvergne.com\/es\/wp-json\/wp\/v2\/comments?post=800"}],"version-history":[{"count":2,"href":"http:\/\/www.capoeira-auvergne.com\/es\/wp-json\/wp\/v2\/posts\/800\/revisions"}],"predecessor-version":[{"id":802,"href":"http:\/\/www.capoeira-auvergne.com\/es\/wp-json\/wp\/v2\/posts\/800\/revisions\/802"}],"wp:attachment":[{"href":"http:\/\/www.capoeira-auvergne.com\/es\/wp-json\/wp\/v2\/media?parent=800"}],"wp:term":[{"taxonomy":"category","embeddable":true,"href":"http:\/\/www.capoeira-auvergne.com\/es\/wp-json\/wp\/v2\/categories?post=800"},{"taxonomy":"post_tag","embeddable":true,"href":"http:\/\/www.capoeira-auvergne.com\/es\/wp-json\/wp\/v2\/tags?post=800"}],"curies":[{"name":"wp","href":"https:\/\/api.w.org\/{rel}","templated":true}]}}