{"id":798,"date":"2010-11-20T13:22:40","date_gmt":"2010-11-20T12:22:40","guid":{"rendered":"http:\/\/www.capoeira-auvergne.com\/?p=798"},"modified":"2013-12-08T14:12:44","modified_gmt":"2013-12-08T13:12:44","slug":"festival-capoeira-3","status":"publish","type":"post","link":"http:\/\/www.capoeira-auvergne.com\/es\/festival-capoeira-3\/","title":{"rendered":"Festival Capoeira"},"content":{"rendered":"<h2 id=\"watch-headline-title\" style=\"text-align: center;\">Festival Capoeira Antiga 2010 academia de Mestre Ataare -Part3-<\/h2>\n<p style=\"text-align: center;\">[youtube]http:\/\/www.youtube.com\/watch?v=5cwfo-sqZQ0[\/youtube]<\/p>\n<h5 style=\"text-align: center;\">1 Festival de Capoeira Antiga Mestre Liminha d&rsquo;Ogum \u00e0 Clermont-Ferrand,organis\u00e9 par le Ma\u00eetre Ataare avec la participation de la Mairie de Clermont-Ferrand, l&rsquo;association Capoeira Antiga Cultura Guerreira Auvergne, UFOLEP, Ligue d&rsquo;enseignement, Jeunesse Sports.<\/h5>\n","protected":false},"excerpt":{"rendered":"<p>Festival Capoeira Antiga 2010 academia de Mestre Ataare -Part3- [youtube]http:\/\/www.youtube.com\/watch?v=5cwfo-sqZQ0[\/youtube] 1 Festival de Capoeira Antiga Mestre Liminha d&rsquo;Ogum \u00e0 Clermont-Ferrand,organis\u00e9 par le Ma\u00eetre Ataare avec la participation de la Mairie de Clermont-Ferrand, l&rsquo;association Capoeira Antiga Cultura Guerreira Auvergne, UFOLEP, Ligue&hellip;<\/p>\n<p class=\"more-link-p\"><a class=\"more-link\" href=\"http:\/\/www.capoeira-auvergne.com\/es\/festival-capoeira-3\/\">Lire plus &rarr;<\/a><\/p>\n","protected":false},"author":4,"featured_media":0,"comment_status":"closed","ping_status":"closed","sticky":false,"template":"","format":"video","meta":[],"categories":[12],"tags":[],"jetpack_featured_media_url":"","_links":{"self":[{"href":"http:\/\/www.capoeira-auvergne.com\/es\/wp-json\/wp\/v2\/posts\/798"}],"collection":[{"href":"http:\/\/www.capoeira-auvergne.com\/es\/wp-json\/wp\/v2\/posts"}],"about":[{"href":"http:\/\/www.capoeira-auvergne.com\/es\/wp-json\/wp\/v2\/types\/post"}],"author":[{"embeddable":true,"href":"http:\/\/www.capoeira-auvergne.com\/es\/wp-json\/wp\/v2\/users\/4"}],"replies":[{"embeddable":true,"href":"http:\/\/www.capoeira-auvergne.com\/es\/wp-json\/wp\/v2\/comments?post=798"}],"version-history":[{"count":1,"href":"http:\/\/www.capoeira-auvergne.com\/es\/wp-json\/wp\/v2\/posts\/798\/revisions"}],"predecessor-version":[{"id":799,"href":"http:\/\/www.capoeira-auvergne.com\/es\/wp-json\/wp\/v2\/posts\/798\/revisions\/799"}],"wp:attachment":[{"href":"http:\/\/www.capoeira-auvergne.com\/es\/wp-json\/wp\/v2\/media?parent=798"}],"wp:term":[{"taxonomy":"category","embeddable":true,"href":"http:\/\/www.capoeira-auvergne.com\/es\/wp-json\/wp\/v2\/categories?post=798"},{"taxonomy":"post_tag","embeddable":true,"href":"http:\/\/www.capoeira-auvergne.com\/es\/wp-json\/wp\/v2\/tags?post=798"}],"curies":[{"name":"wp","href":"https:\/\/api.w.org\/{rel}","templated":true}]}}