{"id":783,"date":"2004-11-19T21:24:45","date_gmt":"2004-11-19T20:24:45","guid":{"rendered":"http:\/\/www.capoeira-auvergne.com\/?p=783"},"modified":"2013-12-08T14:13:06","modified_gmt":"2013-12-08T13:13:06","slug":"graduations","status":"publish","type":"post","link":"http:\/\/www.capoeira-auvergne.com\/es\/graduations\/","title":{"rendered":"Graduations"},"content":{"rendered":"<h2 id=\"watch-headline-title\" style=\"text-align: center;\">Capoeira Antiga Ma\u00eetre Ataare \/ Ma\u00eetre Liminha 2004, Gradua\u00e7\u00f5es !<\/h2>\n<p style=\"text-align: center;\">[youtube]http:\/\/www.youtube.com\/watch?v=LvsMuDkT8D0[\/youtube]<\/p>\n<h5 style=\"text-align: center;\">Organisation de la 3\u00e8me c\u00e9r\u00e9monie de graduation des \u00e9l\u00e8ves de Capoeira (Passage de grades, chor\u00e9graphies, &#8230;) Ma\u00eetre Ataare et Ma\u00eetre Liminha d&rsquo;Ogum. Clermont-Ferrand\/France.<\/h5>\n","protected":false},"excerpt":{"rendered":"<p>Capoeira Antiga Ma\u00eetre Ataare \/ Ma\u00eetre Liminha 2004, Gradua\u00e7\u00f5es ! [youtube]http:\/\/www.youtube.com\/watch?v=LvsMuDkT8D0[\/youtube] Organisation de la 3\u00e8me c\u00e9r\u00e9monie de graduation des \u00e9l\u00e8ves de Capoeira (Passage de grades, chor\u00e9graphies, &#8230;) Ma\u00eetre Ataare et Ma\u00eetre Liminha d&rsquo;Ogum. Clermont-Ferrand\/France.<\/p>\n","protected":false},"author":4,"featured_media":0,"comment_status":"closed","ping_status":"closed","sticky":false,"template":"","format":"video","meta":[],"categories":[12],"tags":[],"jetpack_featured_media_url":"","_links":{"self":[{"href":"http:\/\/www.capoeira-auvergne.com\/es\/wp-json\/wp\/v2\/posts\/783"}],"collection":[{"href":"http:\/\/www.capoeira-auvergne.com\/es\/wp-json\/wp\/v2\/posts"}],"about":[{"href":"http:\/\/www.capoeira-auvergne.com\/es\/wp-json\/wp\/v2\/types\/post"}],"author":[{"embeddable":true,"href":"http:\/\/www.capoeira-auvergne.com\/es\/wp-json\/wp\/v2\/users\/4"}],"replies":[{"embeddable":true,"href":"http:\/\/www.capoeira-auvergne.com\/es\/wp-json\/wp\/v2\/comments?post=783"}],"version-history":[{"count":2,"href":"http:\/\/www.capoeira-auvergne.com\/es\/wp-json\/wp\/v2\/posts\/783\/revisions"}],"predecessor-version":[{"id":785,"href":"http:\/\/www.capoeira-auvergne.com\/es\/wp-json\/wp\/v2\/posts\/783\/revisions\/785"}],"wp:attachment":[{"href":"http:\/\/www.capoeira-auvergne.com\/es\/wp-json\/wp\/v2\/media?parent=783"}],"wp:term":[{"taxonomy":"category","embeddable":true,"href":"http:\/\/www.capoeira-auvergne.com\/es\/wp-json\/wp\/v2\/categories?post=783"},{"taxonomy":"post_tag","embeddable":true,"href":"http:\/\/www.capoeira-auvergne.com\/es\/wp-json\/wp\/v2\/tags?post=783"}],"curies":[{"name":"wp","href":"https:\/\/api.w.org\/{rel}","templated":true}]}}