{"id":772,"date":"2000-11-19T21:08:37","date_gmt":"2000-11-19T20:08:37","guid":{"rendered":"http:\/\/www.capoeira-auvergne.com\/?p=772"},"modified":"2013-12-08T14:13:27","modified_gmt":"2013-12-08T13:13:27","slug":"clermont-tv1","status":"publish","type":"post","link":"http:\/\/www.capoeira-auvergne.com\/es\/clermont-tv1\/","title":{"rendered":"Clermont TV1"},"content":{"rendered":"<h2 style=\"text-align: center;\">Capoeira Antiga Ma\u00eetre Ataare 2000, Clermont TV1<\/h2>\n<p style=\"text-align: center;\">[youtube]http:\/\/www.youtube.com\/watch?v=RkzXGc6Uc08[\/youtube]<\/p>\n<h5 style=\"text-align: center;\">Pr\u00e9sentation de Capoeira sur la cha\u00eene de t\u00e9l\u00e9vision \u00ab Clermont Premi\u00e8re \u00bb.2000 Prof.\/Ma\u00eetre Ataare<\/h5>\n","protected":false},"excerpt":{"rendered":"<p>Capoeira Antiga Ma\u00eetre Ataare 2000, Clermont TV1 [youtube]http:\/\/www.youtube.com\/watch?v=RkzXGc6Uc08[\/youtube] Pr\u00e9sentation de Capoeira sur la cha\u00eene de t\u00e9l\u00e9vision \u00ab Clermont Premi\u00e8re \u00bb.2000 Prof.\/Ma\u00eetre Ataare<\/p>\n","protected":false},"author":4,"featured_media":0,"comment_status":"closed","ping_status":"closed","sticky":false,"template":"","format":"video","meta":[],"categories":[12],"tags":[],"jetpack_featured_media_url":"","_links":{"self":[{"href":"http:\/\/www.capoeira-auvergne.com\/es\/wp-json\/wp\/v2\/posts\/772"}],"collection":[{"href":"http:\/\/www.capoeira-auvergne.com\/es\/wp-json\/wp\/v2\/posts"}],"about":[{"href":"http:\/\/www.capoeira-auvergne.com\/es\/wp-json\/wp\/v2\/types\/post"}],"author":[{"embeddable":true,"href":"http:\/\/www.capoeira-auvergne.com\/es\/wp-json\/wp\/v2\/users\/4"}],"replies":[{"embeddable":true,"href":"http:\/\/www.capoeira-auvergne.com\/es\/wp-json\/wp\/v2\/comments?post=772"}],"version-history":[{"count":2,"href":"http:\/\/www.capoeira-auvergne.com\/es\/wp-json\/wp\/v2\/posts\/772\/revisions"}],"predecessor-version":[{"id":774,"href":"http:\/\/www.capoeira-auvergne.com\/es\/wp-json\/wp\/v2\/posts\/772\/revisions\/774"}],"wp:attachment":[{"href":"http:\/\/www.capoeira-auvergne.com\/es\/wp-json\/wp\/v2\/media?parent=772"}],"wp:term":[{"taxonomy":"category","embeddable":true,"href":"http:\/\/www.capoeira-auvergne.com\/es\/wp-json\/wp\/v2\/categories?post=772"},{"taxonomy":"post_tag","embeddable":true,"href":"http:\/\/www.capoeira-auvergne.com\/es\/wp-json\/wp\/v2\/tags?post=772"}],"curies":[{"name":"wp","href":"https:\/\/api.w.org\/{rel}","templated":true}]}}