{"id":768,"date":"2000-11-19T21:03:56","date_gmt":"2000-11-19T20:03:56","guid":{"rendered":"http:\/\/www.capoeira-auvergne.com\/?p=768"},"modified":"2013-12-28T20:09:23","modified_gmt":"2013-12-28T19:09:23","slug":"2000-2002","status":"publish","type":"post","link":"http:\/\/www.capoeira-auvergne.com\/es\/2000-2002\/","title":{"rendered":"Clermont 2000"},"content":{"rendered":"<h2 style=\"text-align: center;\">\u00a0Capoeira Antiga Ataare Da Costa &#8211; Clermont 2000<\/h2>\n<p style=\"text-align: center;\">[youtube]http:\/\/www.youtube.com\/watch?v=QgyXrQz5JhY[\/youtube]<\/p>\n<h5 style=\"text-align: center;\"><em>D\u00e9but de la Capoeira en Auvergne avec Ma\u00eetre Ataare Da Costa<\/em><\/h5>\n<p><!--more--><\/p>\n<h2 style=\"text-align: center;\">Capoeira Antiga Ma\u00eetre Ataare e Ma\u00eetre Liminha \u00e0\u00a0\u00a0 Clermont-Ferrand France 2001\/ 2<\/h2>\n<p style=\"text-align: center;\">[youtube]http:\/\/youtu.be\/FOrQRf4otBQ[\/youtube]<\/p>\n<p style=\"text-align: center;\"><!--more--><\/p>\n","protected":false},"excerpt":{"rendered":"<p>\u00a0Capoeira Antiga Ataare Da Costa &#8211; Clermont 2000 [youtube]http:\/\/www.youtube.com\/watch?v=QgyXrQz5JhY[\/youtube] D\u00e9but de la Capoeira en Auvergne avec Ma\u00eetre Ataare Da Costa<\/p>\n","protected":false},"author":4,"featured_media":0,"comment_status":"closed","ping_status":"closed","sticky":false,"template":"","format":"video","meta":[],"categories":[12],"tags":[],"jetpack_featured_media_url":"","_links":{"self":[{"href":"http:\/\/www.capoeira-auvergne.com\/es\/wp-json\/wp\/v2\/posts\/768"}],"collection":[{"href":"http:\/\/www.capoeira-auvergne.com\/es\/wp-json\/wp\/v2\/posts"}],"about":[{"href":"http:\/\/www.capoeira-auvergne.com\/es\/wp-json\/wp\/v2\/types\/post"}],"author":[{"embeddable":true,"href":"http:\/\/www.capoeira-auvergne.com\/es\/wp-json\/wp\/v2\/users\/4"}],"replies":[{"embeddable":true,"href":"http:\/\/www.capoeira-auvergne.com\/es\/wp-json\/wp\/v2\/comments?post=768"}],"version-history":[{"count":7,"href":"http:\/\/www.capoeira-auvergne.com\/es\/wp-json\/wp\/v2\/posts\/768\/revisions"}],"predecessor-version":[{"id":1393,"href":"http:\/\/www.capoeira-auvergne.com\/es\/wp-json\/wp\/v2\/posts\/768\/revisions\/1393"}],"wp:attachment":[{"href":"http:\/\/www.capoeira-auvergne.com\/es\/wp-json\/wp\/v2\/media?parent=768"}],"wp:term":[{"taxonomy":"category","embeddable":true,"href":"http:\/\/www.capoeira-auvergne.com\/es\/wp-json\/wp\/v2\/categories?post=768"},{"taxonomy":"post_tag","embeddable":true,"href":"http:\/\/www.capoeira-auvergne.com\/es\/wp-json\/wp\/v2\/tags?post=768"}],"curies":[{"name":"wp","href":"https:\/\/api.w.org\/{rel}","templated":true}]}}